{"id":40971,"date":"2019-03-06T17:17:29","date_gmt":"2019-03-06T15:17:29","guid":{"rendered":"https:\/\/unlimitedmuse.com\/?p=40971"},"modified":"2022-10-22T11:15:46","modified_gmt":"2022-10-22T09:15:46","slug":"morgens-meditiere-ich-nackt","status":"publish","type":"post","link":"https:\/\/unlimitedmuse.com\/de\/morgens-meditiere-ich-nackt\/","title":{"rendered":"Morgens meditiere ich nackt"},"content":{"rendered":"<p>So starte ich den Tag mit guter Laune, fokussiert und entspannt&#8230; hier kommt einer meiner Lieblings Morgenroutinen. Direkt nach dem Aufwachen meditiere ich.<br \/>\nIch bin Nachtschl\u00e4ferin. Folglich ist es keine \u00dcberraschung, dass ich meinen Tag nackt beende und nackt beginne. F\u00fcr mich ist es einfach absolut befreiend die Klamotten abzulegen! Kein extra Gewicht an meinem K\u00f6rper. Geerdeter. Zu guter Letzt freut sich mein Bettgef\u00e4hrte an meinem Anblick&#8230;. \ud83d\ude09<\/p>\n<p>Bevorzugst du es auch nackt zu schlafen? Was sind deine morgendlichen Routinen? Was sagst du zu Sex am Morgen?<\/p>\n<div id=\"wpfp_2495f9ef06a80d07f01ab96c8c0dcd78\" data-item=\"{&quot;sources&quot;:[{&quot;src&quot;:&quot;https:\\\/\\\/d3op0zppddaj1r.cloudfront.net\\\/videos\\\/320949816\\\/hd-1920x1080.mp4&quot;,&quot;type&quot;:&quot;video\\\/fv-mp4&quot;,&quot;sources_fvqs&quot;:[{&quot;src&quot;:&quot;https:\\\/\\\/d3op0zppddaj1r.cloudfront.net\\\/videos\\\/320949816\\\/hd-1920x1080.mp4&quot;,&quot;type&quot;:&quot;video\\\/fv-mp4&quot;},{&quot;src&quot;:&quot;https:\\\/\\\/d3op0zppddaj1r.cloudfront.net\\\/videos\\\/320949816\\\/sd-960x540.mp4&quot;,&quot;type&quot;:&quot;video\\\/fv-mp4&quot;},{&quot;src&quot;:&quot;https:\\\/\\\/d3op0zppddaj1r.cloudfront.net\\\/videos\\\/320949816\\\/sd-426x240.mp4&quot;,&quot;type&quot;:&quot;video\\\/fv-mp4&quot;},{&quot;src&quot;:&quot;https:\\\/\\\/d3op0zppddaj1r.cloudfront.net\\\/videos\\\/320949816\\\/hd-3840x2160.mp4&quot;,&quot;type&quot;:&quot;video\\\/fv-mp4&quot;},{&quot;src&quot;:&quot;https:\\\/\\\/d3op0zppddaj1r.cloudfront.net\\\/videos\\\/320949816\\\/hd-2560x1440.mp4&quot;,&quot;type&quot;:&quot;video\\\/fv-mp4&quot;}]}],&quot;id&quot;:&quot;23&quot;}\" class=\"flowplayer no-brand is-splash is-paused skin-slim no-svg fp-slim fp-edgy\" data-fvautoplay=\"0\" style=\"position:relative; max-width: 1280px; max-height: 720px; \" data-ratio=\"0.5625\" data-advance=\"false\" data-qsel=\"hd-1920x1080,sd-960x540,sd-426x240,hd-3840x2160,hd-2560x1440\" data-qlabels=\"HD 1080p,HD 720p,SD 540p,UHD 4K,UHD 1440p\">\n\t<div class=\"fp-ratio\" style=\"padding-top: 56.25%\"><\/div>\n\t<div class=\"fp-ui\"><noscript>Please enable JavaScript<\/noscript><div class=\"fp-play fp-visible\"><svg class=\"fp-play-sharp-fill\" xmlns=\"http:\/\/www.w3.org\/2000\/svg\" viewBox=\"0 0 100 100\"><defs><style>.fp-color-play{opacity:0.65;}.controlbutton{fill:#fff;}<\/style><\/defs><title>play-sharp-fill<\/title><path class=\"fp-color-play\" d=\"M49.9217-.078a50,50,0,1,0,50,50A50.0564,50.0564,0,0,0,49.9217-.078Z\"\/><polygon class=\"controlbutton\" points=\"73.601 50 37.968 70.573 37.968 29.427 73.601 50\" filter=\"url(#f1)\"\/><\/svg><\/div><div class=\"fp-preload\"><b><\/b><b><\/b><b><\/b><b><\/b><\/div><\/div>\n\n<\/div>\n\n","protected":false},"excerpt":{"rendered":"<p>So starte ich den Tag mit guter Laune, fokussiert und entspannt&#8230; hier kommt einer meiner Lieblings Morgenroutinen. Direkt nach dem Aufwachen meditiere ich. Ich bin Nachtschl\u00e4ferin. Folglich ist es keine \u00dcberraschung, dass ich meinen Tag nackt beende und nackt beginne. F\u00fcr mich ist es einfach absolut befreiend die Klamotten abzulegen! Kein extra Gewicht an meinem [&hellip;]<\/p>\n","protected":false},"author":2738,"featured_media":41000,"comment_status":"open","ping_status":"open","sticky":false,"template":"","format":"standard","meta":{"_acf_changed":false,"_themeisle_gutenberg_block_has_review":false,"footnotes":""},"categories":[1357,1359,1381],"tags":[],"class_list":["post-40971","post","type-post","status-publish","format-standard","has-post-thumbnail","hentry","category-boobs-de","category-milo-at-home-de","category-milo-in-the-mornings-2"],"acf":[],"_links":{"self":[{"href":"https:\/\/unlimitedmuse.com\/de\/wp-json\/wp\/v2\/posts\/40971","targetHints":{"allow":["GET"]}}],"collection":[{"href":"https:\/\/unlimitedmuse.com\/de\/wp-json\/wp\/v2\/posts"}],"about":[{"href":"https:\/\/unlimitedmuse.com\/de\/wp-json\/wp\/v2\/types\/post"}],"author":[{"embeddable":true,"href":"https:\/\/unlimitedmuse.com\/de\/wp-json\/wp\/v2\/users\/2738"}],"replies":[{"embeddable":true,"href":"https:\/\/unlimitedmuse.com\/de\/wp-json\/wp\/v2\/comments?post=40971"}],"version-history":[{"count":1,"href":"https:\/\/unlimitedmuse.com\/de\/wp-json\/wp\/v2\/posts\/40971\/revisions"}],"predecessor-version":[{"id":148759,"href":"https:\/\/unlimitedmuse.com\/de\/wp-json\/wp\/v2\/posts\/40971\/revisions\/148759"}],"wp:featuredmedia":[{"embeddable":true,"href":"https:\/\/unlimitedmuse.com\/de\/wp-json\/wp\/v2\/media\/41000"}],"wp:attachment":[{"href":"https:\/\/unlimitedmuse.com\/de\/wp-json\/wp\/v2\/media?parent=40971"}],"wp:term":[{"taxonomy":"category","embeddable":true,"href":"https:\/\/unlimitedmuse.com\/de\/wp-json\/wp\/v2\/categories?post=40971"},{"taxonomy":"post_tag","embeddable":true,"href":"https:\/\/unlimitedmuse.com\/de\/wp-json\/wp\/v2\/tags?post=40971"}],"curies":[{"name":"wp","href":"https:\/\/api.w.org\/{rel}","templated":true}]}}